{"id":1010,"date":"2019-08-19T07:21:26","date_gmt":"2019-08-19T05:21:26","guid":{"rendered":"http:\/\/www.jng-web.com\/labo\/?p=1010"},"modified":"2019-08-19T07:21:26","modified_gmt":"2019-08-19T05:21:26","slug":"isidore-de-seville-le-saint-patron-des-informaticiens","status":"publish","type":"post","link":"https:\/\/jng-web.com\/labo\/isidore-de-seville-le-saint-patron-des-informaticiens\/","title":{"rendered":"Isidore de S\u00e9ville, le saint patron des informaticiens"},"content":{"rendered":"<div class=\"advads-avant-le-contenu\" id=\"advads-4155929166\"><script async src=\"\/\/pagead2.googlesyndication.com\/pagead\/js\/adsbygoogle.js?client=ca-pub-4944504088214075\" crossorigin=\"anonymous\"><\/script><ins class=\"adsbygoogle\" style=\"display:block;\" data-ad-client=\"ca-pub-4944504088214075\" \ndata-ad-slot=\"4514395581\" \ndata-ad-format=\"auto\"><\/ins>\n<script> \n(adsbygoogle = window.adsbygoogle || []).push({}); \n<\/script>\n<\/div><div class=\"advads-test\" style=\"margin-left: auto;margin-right: auto;text-align: center;\" id=\"advads-568726252\"><script async src=\"\/\/pagead2.googlesyndication.com\/pagead\/js\/adsbygoogle.js?client=ca-pub-4944504088214075\" crossorigin=\"anonymous\"><\/script><ins class=\"adsbygoogle\" style=\"display:block;\" data-ad-client=\"ca-pub-4944504088214075\" \ndata-ad-slot=\"4514395581\" \ndata-ad-format=\"auto\"><\/ins>\n<script> \n(adsbygoogle = window.adsbygoogle || []).push({}); \n<\/script>\n<\/div><p>Il y a quelques temps, sur une station de radio, j&rsquo;ai d\u00e9couvert \u00a0le saint Patron des informaticiens. Selon les animateurs de cette radio, le saint patron des informaticiens serait Isidore de S\u00e9ville, en raison de la structure des Etymologies, une oeuvre dont la structure rappelle celle d&rsquo;une base de donn\u00e9e. Il est \u00e9galement le saint Patron des utilisateurs d&rsquo;internet et des internautes. Vous trouverez de nombreuses informations sur Isidore de S\u00e9ville\u00a0<a title=\"Isidore de S\u00e9ville\" href=\"https:\/\/fr.wikipedia.org\/wiki\/Isidore_de_S%C3%A9ville\" target=\"_blank\">ici<\/a>.<\/p>\n<p>Le 04 avril, jour de la saint Isidore, vous pouvez f\u00eatez Internet, que vous soyez un utilisateur ou non. Si vous \u00eates informaticien,\u00a0vous pouvez f\u00eater votre saint patron le 04 avril.<\/p>\n","protected":false},"excerpt":{"rendered":"<p>Il y a quelques temps, sur une station de radio, j&rsquo;ai d\u00e9couvert \u00a0le saint Patron des informaticiens. Selon les animateurs de cette radio, le saint &hellip; <\/p>\n","protected":false},"author":2,"featured_media":0,"comment_status":"open","ping_status":"open","sticky":false,"template":"","format":"standard","meta":{"_exactmetrics_skip_tracking":false,"_exactmetrics_sitenote_active":false,"_exactmetrics_sitenote_note":"","_exactmetrics_sitenote_category":0,"footnotes":""},"categories":[15],"tags":[63],"class_list":["post-1010","post","type-post","status-publish","format-standard","hentry","category-actualites","tag-infos"],"yoast_head":"<!-- This site is optimized with the Yoast SEO plugin v21.9.1 - https:\/\/yoast.com\/wordpress\/plugins\/seo\/ -->\n<title>Isidore de S\u00e9ville, le saint patron des informaticiens - Labo JNG WEB<\/title>\n<meta name=\"description\" content=\"Isidore de S\u00e9ville, le saint patron des informaticiens\" \/>\n<meta name=\"robots\" content=\"index, follow, max-snippet:-1, max-image-preview:large, max-video-preview:-1\" \/>\n<link rel=\"canonical\" href=\"https:\/\/jng-web.com\/labo\/isidore-de-seville-le-saint-patron-des-informaticiens\/\" \/>\n<meta property=\"og:locale\" content=\"fr_FR\" \/>\n<meta property=\"og:type\" content=\"article\" \/>\n<meta property=\"og:title\" content=\"Isidore de S\u00e9ville, le saint patron des informaticiens - Labo JNG WEB\" \/>\n<meta property=\"og:description\" content=\"Isidore de S\u00e9ville, le saint patron des informaticiens\" \/>\n<meta property=\"og:url\" content=\"https:\/\/jng-web.com\/labo\/isidore-de-seville-le-saint-patron-des-informaticiens\/\" \/>\n<meta property=\"og:site_name\" content=\"Labo JNG WEB\" \/>\n<meta property=\"article:publisher\" content=\"https:\/\/www.facebook.com\/webmaster.referencement.dijon\" \/>\n<meta property=\"article:author\" content=\"https:\/\/fr-fr.facebook.com\/JNGWEB.webmaster\" \/>\n<meta property=\"article:published_time\" content=\"2019-08-19T05:21:26+00:00\" \/>\n<meta property=\"og:image\" content=\"https:\/\/jng-web.com\/labo\/wp-content\/uploads\/2015\/03\/logo1.jpg\" \/>\n\t<meta property=\"og:image:width\" content=\"200\" \/>\n\t<meta property=\"og:image:height\" content=\"200\" \/>\n\t<meta property=\"og:image:type\" content=\"image\/jpeg\" \/>\n<meta name=\"author\" content=\"J\u00e9r\u00f4me\" \/>\n<meta name=\"twitter:label1\" content=\"\u00c9crit par\" \/>\n\t<meta name=\"twitter:data1\" content=\"J\u00e9r\u00f4me\" \/>\n\t<meta name=\"twitter:label2\" content=\"Dur\u00e9e de lecture estim\u00e9e\" \/>\n\t<meta name=\"twitter:data2\" content=\"1 minute\" \/>\n<script type=\"application\/ld+json\" class=\"yoast-schema-graph\">{\"@context\":\"https:\/\/schema.org\",\"@graph\":[{\"@type\":\"Article\",\"@id\":\"https:\/\/jng-web.com\/labo\/isidore-de-seville-le-saint-patron-des-informaticiens\/#article\",\"isPartOf\":{\"@id\":\"https:\/\/jng-web.com\/labo\/isidore-de-seville-le-saint-patron-des-informaticiens\/\"},\"author\":{\"name\":\"J\u00e9r\u00f4me\",\"@id\":\"https:\/\/jng-web.com\/labo\/#\/schema\/person\/8dceaae857bc9738baa63b3d19fb4590\"},\"headline\":\"Isidore de S\u00e9ville, le saint patron des informaticiens\",\"datePublished\":\"2019-08-19T05:21:26+00:00\",\"dateModified\":\"2019-08-19T05:21:26+00:00\",\"mainEntityOfPage\":{\"@id\":\"https:\/\/jng-web.com\/labo\/isidore-de-seville-le-saint-patron-des-informaticiens\/\"},\"wordCount\":117,\"commentCount\":1,\"publisher\":{\"@id\":\"https:\/\/jng-web.com\/labo\/#organization\"},\"keywords\":[\"Infos\"],\"articleSection\":[\"Actualit\u00e9s\"],\"inLanguage\":\"fr-FR\",\"potentialAction\":[{\"@type\":\"CommentAction\",\"name\":\"Comment\",\"target\":[\"https:\/\/jng-web.com\/labo\/isidore-de-seville-le-saint-patron-des-informaticiens\/#respond\"]}]},{\"@type\":\"WebPage\",\"@id\":\"https:\/\/jng-web.com\/labo\/isidore-de-seville-le-saint-patron-des-informaticiens\/\",\"url\":\"https:\/\/jng-web.com\/labo\/isidore-de-seville-le-saint-patron-des-informaticiens\/\",\"name\":\"Isidore de S\u00e9ville, le saint patron des informaticiens - Labo JNG WEB\",\"isPartOf\":{\"@id\":\"https:\/\/jng-web.com\/labo\/#website\"},\"datePublished\":\"2019-08-19T05:21:26+00:00\",\"dateModified\":\"2019-08-19T05:21:26+00:00\",\"description\":\"Isidore de S\u00e9ville, le saint patron des informaticiens\",\"breadcrumb\":{\"@id\":\"https:\/\/jng-web.com\/labo\/isidore-de-seville-le-saint-patron-des-informaticiens\/#breadcrumb\"},\"inLanguage\":\"fr-FR\",\"potentialAction\":[{\"@type\":\"ReadAction\",\"target\":[\"https:\/\/jng-web.com\/labo\/isidore-de-seville-le-saint-patron-des-informaticiens\/\"]}]},{\"@type\":\"BreadcrumbList\",\"@id\":\"https:\/\/jng-web.com\/labo\/isidore-de-seville-le-saint-patron-des-informaticiens\/#breadcrumb\",\"itemListElement\":[{\"@type\":\"ListItem\",\"position\":1,\"name\":\"Labo Jng Web\",\"item\":\"https:\/\/jng-web.com\/labo\/\"},{\"@type\":\"ListItem\",\"position\":2,\"name\":\"Actualit\u00e9s\",\"item\":\"https:\/\/jng-web.com\/labo\/actualites\/\"},{\"@type\":\"ListItem\",\"position\":3,\"name\":\"Isidore de S\u00e9ville, le saint patron des informaticiens\"}]},{\"@type\":\"WebSite\",\"@id\":\"https:\/\/jng-web.com\/labo\/#website\",\"url\":\"https:\/\/jng-web.com\/labo\/\",\"name\":\"Labo JNG WEB\",\"description\":\"R\u00e9f\u00e9rencement, Webmastering, CMS, Logiciels ...\",\"publisher\":{\"@id\":\"https:\/\/jng-web.com\/labo\/#organization\"},\"potentialAction\":[{\"@type\":\"SearchAction\",\"target\":{\"@type\":\"EntryPoint\",\"urlTemplate\":\"https:\/\/jng-web.com\/labo\/?s={search_term_string}\"},\"query-input\":\"required name=search_term_string\"}],\"inLanguage\":\"fr-FR\"},{\"@type\":\"Organization\",\"@id\":\"https:\/\/jng-web.com\/labo\/#organization\",\"name\":\"JNG WEB \/\/ J\u00e9r\u00f4me Guri\",\"url\":\"https:\/\/jng-web.com\/labo\/\",\"logo\":{\"@type\":\"ImageObject\",\"inLanguage\":\"fr-FR\",\"@id\":\"https:\/\/jng-web.com\/labo\/#\/schema\/logo\/image\/\",\"url\":\"https:\/\/jng-web.com\/labo\/wp-content\/uploads\/2015\/04\/logo.png\",\"contentUrl\":\"https:\/\/jng-web.com\/labo\/wp-content\/uploads\/2015\/04\/logo.png\",\"width\":342,\"height\":110,\"caption\":\"JNG WEB \/\/ J\u00e9r\u00f4me Guri\"},\"image\":{\"@id\":\"https:\/\/jng-web.com\/labo\/#\/schema\/logo\/image\/\"},\"sameAs\":[\"https:\/\/www.facebook.com\/webmaster.referencement.dijon\",\"https:\/\/twitter.com\/jng_web\",\"https:\/\/fr.linkedin.com\/in\/jeromeguri\"]},{\"@type\":\"Person\",\"@id\":\"https:\/\/jng-web.com\/labo\/#\/schema\/person\/8dceaae857bc9738baa63b3d19fb4590\",\"name\":\"J\u00e9r\u00f4me\",\"image\":{\"@type\":\"ImageObject\",\"inLanguage\":\"fr-FR\",\"@id\":\"https:\/\/jng-web.com\/labo\/#\/schema\/person\/image\/\",\"url\":\"https:\/\/secure.gravatar.com\/avatar\/21ca560712e7f1303d8c7c22d9ac9254b56517b653bfcb97d6736933471b2ea3?s=96&d=http%3A%2F%2Fwww.jng-web.com%2Flabo%2Fwp-content%2Fuploads%2F2013%2F12%2Favatar-blog-jng-web.png&r=g\",\"contentUrl\":\"https:\/\/secure.gravatar.com\/avatar\/21ca560712e7f1303d8c7c22d9ac9254b56517b653bfcb97d6736933471b2ea3?s=96&d=http%3A%2F%2Fwww.jng-web.com%2Flabo%2Fwp-content%2Fuploads%2F2013%2F12%2Favatar-blog-jng-web.png&r=g\",\"caption\":\"J\u00e9r\u00f4me\"},\"description\":\"Passionn\u00e9 par le web, je m'int\u00e9resse depuis quelques ann\u00e9es aux technologies de l'information et de la communication, et plus particuli\u00e8rement \u00e0 la cr\u00e9ation et au r\u00e9f\u00e9rencement de sites internet.\",\"sameAs\":[\"http:\/\/www.jng-web.com\",\"https:\/\/fr-fr.facebook.com\/JNGWEB.webmaster\",\"https:\/\/twitter.com\/JngWeb21\"]}]}<\/script>\n<!-- \/ Yoast SEO plugin. -->","yoast_head_json":{"title":"Isidore de S\u00e9ville, le saint patron des informaticiens - Labo JNG WEB","description":"Isidore de S\u00e9ville, le saint patron des informaticiens","robots":{"index":"index","follow":"follow","max-snippet":"max-snippet:-1","max-image-preview":"max-image-preview:large","max-video-preview":"max-video-preview:-1"},"canonical":"https:\/\/jng-web.com\/labo\/isidore-de-seville-le-saint-patron-des-informaticiens\/","og_locale":"fr_FR","og_type":"article","og_title":"Isidore de S\u00e9ville, le saint patron des informaticiens - Labo JNG WEB","og_description":"Isidore de S\u00e9ville, le saint patron des informaticiens","og_url":"https:\/\/jng-web.com\/labo\/isidore-de-seville-le-saint-patron-des-informaticiens\/","og_site_name":"Labo JNG WEB","article_publisher":"https:\/\/www.facebook.com\/webmaster.referencement.dijon","article_author":"https:\/\/fr-fr.facebook.com\/JNGWEB.webmaster","article_published_time":"2019-08-19T05:21:26+00:00","og_image":[{"width":200,"height":200,"url":"https:\/\/jng-web.com\/labo\/wp-content\/uploads\/2015\/03\/logo1.jpg","type":"image\/jpeg"}],"author":"J\u00e9r\u00f4me","twitter_misc":{"\u00c9crit par":"J\u00e9r\u00f4me","Dur\u00e9e de lecture estim\u00e9e":"1 minute"},"schema":{"@context":"https:\/\/schema.org","@graph":[{"@type":"Article","@id":"https:\/\/jng-web.com\/labo\/isidore-de-seville-le-saint-patron-des-informaticiens\/#article","isPartOf":{"@id":"https:\/\/jng-web.com\/labo\/isidore-de-seville-le-saint-patron-des-informaticiens\/"},"author":{"name":"J\u00e9r\u00f4me","@id":"https:\/\/jng-web.com\/labo\/#\/schema\/person\/8dceaae857bc9738baa63b3d19fb4590"},"headline":"Isidore de S\u00e9ville, le saint patron des informaticiens","datePublished":"2019-08-19T05:21:26+00:00","dateModified":"2019-08-19T05:21:26+00:00","mainEntityOfPage":{"@id":"https:\/\/jng-web.com\/labo\/isidore-de-seville-le-saint-patron-des-informaticiens\/"},"wordCount":117,"commentCount":1,"publisher":{"@id":"https:\/\/jng-web.com\/labo\/#organization"},"keywords":["Infos"],"articleSection":["Actualit\u00e9s"],"inLanguage":"fr-FR","potentialAction":[{"@type":"CommentAction","name":"Comment","target":["https:\/\/jng-web.com\/labo\/isidore-de-seville-le-saint-patron-des-informaticiens\/#respond"]}]},{"@type":"WebPage","@id":"https:\/\/jng-web.com\/labo\/isidore-de-seville-le-saint-patron-des-informaticiens\/","url":"https:\/\/jng-web.com\/labo\/isidore-de-seville-le-saint-patron-des-informaticiens\/","name":"Isidore de S\u00e9ville, le saint patron des informaticiens - Labo JNG WEB","isPartOf":{"@id":"https:\/\/jng-web.com\/labo\/#website"},"datePublished":"2019-08-19T05:21:26+00:00","dateModified":"2019-08-19T05:21:26+00:00","description":"Isidore de S\u00e9ville, le saint patron des informaticiens","breadcrumb":{"@id":"https:\/\/jng-web.com\/labo\/isidore-de-seville-le-saint-patron-des-informaticiens\/#breadcrumb"},"inLanguage":"fr-FR","potentialAction":[{"@type":"ReadAction","target":["https:\/\/jng-web.com\/labo\/isidore-de-seville-le-saint-patron-des-informaticiens\/"]}]},{"@type":"BreadcrumbList","@id":"https:\/\/jng-web.com\/labo\/isidore-de-seville-le-saint-patron-des-informaticiens\/#breadcrumb","itemListElement":[{"@type":"ListItem","position":1,"name":"Labo Jng Web","item":"https:\/\/jng-web.com\/labo\/"},{"@type":"ListItem","position":2,"name":"Actualit\u00e9s","item":"https:\/\/jng-web.com\/labo\/actualites\/"},{"@type":"ListItem","position":3,"name":"Isidore de S\u00e9ville, le saint patron des informaticiens"}]},{"@type":"WebSite","@id":"https:\/\/jng-web.com\/labo\/#website","url":"https:\/\/jng-web.com\/labo\/","name":"Labo JNG WEB","description":"R\u00e9f\u00e9rencement, Webmastering, CMS, Logiciels ...","publisher":{"@id":"https:\/\/jng-web.com\/labo\/#organization"},"potentialAction":[{"@type":"SearchAction","target":{"@type":"EntryPoint","urlTemplate":"https:\/\/jng-web.com\/labo\/?s={search_term_string}"},"query-input":"required name=search_term_string"}],"inLanguage":"fr-FR"},{"@type":"Organization","@id":"https:\/\/jng-web.com\/labo\/#organization","name":"JNG WEB \/\/ J\u00e9r\u00f4me Guri","url":"https:\/\/jng-web.com\/labo\/","logo":{"@type":"ImageObject","inLanguage":"fr-FR","@id":"https:\/\/jng-web.com\/labo\/#\/schema\/logo\/image\/","url":"https:\/\/jng-web.com\/labo\/wp-content\/uploads\/2015\/04\/logo.png","contentUrl":"https:\/\/jng-web.com\/labo\/wp-content\/uploads\/2015\/04\/logo.png","width":342,"height":110,"caption":"JNG WEB \/\/ J\u00e9r\u00f4me Guri"},"image":{"@id":"https:\/\/jng-web.com\/labo\/#\/schema\/logo\/image\/"},"sameAs":["https:\/\/www.facebook.com\/webmaster.referencement.dijon","https:\/\/twitter.com\/jng_web","https:\/\/fr.linkedin.com\/in\/jeromeguri"]},{"@type":"Person","@id":"https:\/\/jng-web.com\/labo\/#\/schema\/person\/8dceaae857bc9738baa63b3d19fb4590","name":"J\u00e9r\u00f4me","image":{"@type":"ImageObject","inLanguage":"fr-FR","@id":"https:\/\/jng-web.com\/labo\/#\/schema\/person\/image\/","url":"https:\/\/secure.gravatar.com\/avatar\/21ca560712e7f1303d8c7c22d9ac9254b56517b653bfcb97d6736933471b2ea3?s=96&d=http%3A%2F%2Fwww.jng-web.com%2Flabo%2Fwp-content%2Fuploads%2F2013%2F12%2Favatar-blog-jng-web.png&r=g","contentUrl":"https:\/\/secure.gravatar.com\/avatar\/21ca560712e7f1303d8c7c22d9ac9254b56517b653bfcb97d6736933471b2ea3?s=96&d=http%3A%2F%2Fwww.jng-web.com%2Flabo%2Fwp-content%2Fuploads%2F2013%2F12%2Favatar-blog-jng-web.png&r=g","caption":"J\u00e9r\u00f4me"},"description":"Passionn\u00e9 par le web, je m'int\u00e9resse depuis quelques ann\u00e9es aux technologies de l'information et de la communication, et plus particuli\u00e8rement \u00e0 la cr\u00e9ation et au r\u00e9f\u00e9rencement de sites internet.","sameAs":["http:\/\/www.jng-web.com","https:\/\/fr-fr.facebook.com\/JNGWEB.webmaster","https:\/\/twitter.com\/JngWeb21"]}]}},"views":5594,"_links":{"self":[{"href":"https:\/\/jng-web.com\/labo\/wp-json\/wp\/v2\/posts\/1010","targetHints":{"allow":["GET"]}}],"collection":[{"href":"https:\/\/jng-web.com\/labo\/wp-json\/wp\/v2\/posts"}],"about":[{"href":"https:\/\/jng-web.com\/labo\/wp-json\/wp\/v2\/types\/post"}],"author":[{"embeddable":true,"href":"https:\/\/jng-web.com\/labo\/wp-json\/wp\/v2\/users\/2"}],"replies":[{"embeddable":true,"href":"https:\/\/jng-web.com\/labo\/wp-json\/wp\/v2\/comments?post=1010"}],"version-history":[{"count":0,"href":"https:\/\/jng-web.com\/labo\/wp-json\/wp\/v2\/posts\/1010\/revisions"}],"wp:attachment":[{"href":"https:\/\/jng-web.com\/labo\/wp-json\/wp\/v2\/media?parent=1010"}],"wp:term":[{"taxonomy":"category","embeddable":true,"href":"https:\/\/jng-web.com\/labo\/wp-json\/wp\/v2\/categories?post=1010"},{"taxonomy":"post_tag","embeddable":true,"href":"https:\/\/jng-web.com\/labo\/wp-json\/wp\/v2\/tags?post=1010"}],"curies":[{"name":"wp","href":"https:\/\/api.w.org\/{rel}","templated":true}]}}